{"id":19214,"global_id":"koinecoopsociale.it\/en\/?id=19214","global_id_lineage":["koinecoopsociale.it\/en\/?id=19214"],"author":"2","status":"publish","date":"2019-09-25 13:24:23","date_utc":"2019-09-25 11:24:23","modified":"2019-09-25 13:24:23","modified_utc":"2019-09-25 11:24:23","url":"https:\/\/koinecoopsociale.it\/en\/evento\/open-day-spazio-curiel-0-6\/","rest_url":"https:\/\/koinecoopsociale.it\/en\/wp-json\/tribe\/events\/v1\/events\/19214","title":"Open day Spazio Curiel 0-6","description":"<p>Open day e apertura iscrizioni marted\u00ec 1 ottobre dello spazio Curiel 0-6, il polo sperimentale per l\u2019infanzia 0-6 pensato per le famiglie del territorio, creato dall\u2019Amministrazione comunale di Vimodrone, in collaborazione con le cooperative sociali LaFucina e Koin\u00e8.<\/p>\n<p>La riprogettazione dello spazio Curiel vuole sperimentare un nuovo spazio educativo, definito in linea con il \u201cSistema Integrato ZEROSEI\u201d.<\/p>\n<p>Il polo sar\u00e0 basato sull\u2019apprendimento pratico e laboratoriale, cos\u00ec che i bambini possano sviluppare le loro competenze e potenzialit\u00e0 in modo armonico e naturale, in un percorso coerente e di continuit\u00e0 in tutto il periodo prescolare.<\/p>\n<p>Sar\u00e0 possibile accedere in modo flessibile al servizio: con orario full time, part time o solo in alcuni giorni.<\/p>\n<p>Lo spazio sar\u00e0 attivo dal 7 ottobre 2019, Lo spazio sar\u00e0 attivo dal luned\u00ec al venerd\u00ec dalle 8.00 alle 18.00, esclusi i giorni festivi.<\/p>\n<p>Iscrizioni: 1-2-3 ottobre dalle 16.30 alle 19.00 presso lo spazio Curiel (via XV Martiri 2)<\/p>\n<p><strong>Per informazioni<\/strong><\/p>\n<p><a href=\"mailto:nedaponzoni@lafucina.org\">nedaponzoni@lafucina.org<\/a> +39 3895157908<\/p>\n<p>&nbsp;<\/p>","excerpt":"","slug":"open-day-spazio-curiel-0-6","image":{"url":"https:\/\/koinecoopsociale.it\/wp-assets\/uploads\/2022\/06\/postFB-e1568966624719.jpg","id":19212,"extension":"jpg","width":600,"height":453,"filesize":52120,"sizes":{"medium":{"width":300,"height":227,"mime-type":"image\/jpeg","filesize":19446,"url":"https:\/\/koinecoopsociale.it\/wp-assets\/uploads\/2022\/06\/postFB-e1568966624719-300x227.jpg"},"thumbnail":{"width":150,"height":150,"mime-type":"image\/jpeg","filesize":9394,"url":"https:\/\/koinecoopsociale.it\/wp-assets\/uploads\/2022\/06\/postFB-e1568966624719-150x150.jpg"}}},"all_day":false,"start_date":"2019-10-01 16:30:00","start_date_details":{"year":"2019","month":"10","day":"01","hour":"16","minutes":"30","seconds":"00"},"end_date":"2019-10-01 19:00:00","end_date_details":{"year":"2019","month":"10","day":"01","hour":"19","minutes":"00","seconds":"00"},"utc_start_date":"2019-10-01 14:30:00","utc_start_date_details":{"year":"2019","month":"10","day":"01","hour":"14","minutes":"30","seconds":"00"},"utc_end_date":"2019-10-01 17:00:00","utc_end_date_details":{"year":"2019","month":"10","day":"01","hour":"17","minutes":"00","seconds":"00"},"timezone":"Europe\/Rome","timezone_abbr":"CEST","cost":"","cost_details":{"currency_symbol":"","currency_code":"","currency_position":"prefix","values":[]},"website":"","show_map":true,"show_map_link":true,"hide_from_listings":false,"sticky":false,"featured":false,"categories":[{"name":"Prima infanzia","slug":"prima-infanzia","term_group":0,"term_taxonomy_id":85,"taxonomy":"tribe_events_cat","description":"","parent":0,"count":385,"filter":"raw","id":85,"urls":{"self":"https:\/\/koinecoopsociale.it\/en\/wp-json\/tribe\/events\/v1\/categories\/85","collection":"https:\/\/koinecoopsociale.it\/en\/wp-json\/tribe\/events\/v1\/categories"}}],"tags":[],"venue":[],"organizer":[],"json_ld":{"@context":"http:\/\/schema.org","@type":"Event","name":"Open day Spazio Curiel 0-6","description":"&lt;p&gt;Open day e apertura iscrizioni marted\u00ec 1 ottobre dello spazio Curiel 0-6, il polo sperimentale per l\u2019infanzia 0-6 pensato per le famiglie del territorio, creato dall\u2019Amministrazione comunale di Vimodrone, in ...&lt;\/p&gt;\\n","image":"https:\/\/koinecoopsociale.it\/wp-assets\/uploads\/2022\/06\/postFB-e1568966624719.jpg","url":"https:\/\/koinecoopsociale.it\/en\/evento\/open-day-spazio-curiel-0-6\/","eventAttendanceMode":"https:\/\/schema.org\/OfflineEventAttendanceMode","eventStatus":"https:\/\/schema.org\/EventScheduled","startDate":"2019-10-01T16:30:00+02:00","endDate":"2019-10-01T19:00:00+02:00","location":false,"performer":"Organization"},"is_virtual":false,"virtual_url":null,"virtual_video_source":""}