{"id":19524,"global_id":"koinecoopsociale.it\/en\/?id=19524","global_id_lineage":["koinecoopsociale.it\/en\/?id=19524"],"author":"2","status":"publish","date":"2021-05-31 08:40:58","date_utc":"2021-05-31 06:40:58","modified":"2021-05-31 08:40:58","modified_utc":"2021-05-31 06:40:58","url":"https:\/\/koinecoopsociale.it\/en\/evento\/biobliz-2021-al-parco-lura\/","rest_url":"https:\/\/koinecoopsociale.it\/en\/wp-json\/tribe\/events\/v1\/events\/19524","title":"Biobliz 2021 al parco Lura","description":"<p>Domenica 13 giugno puoi diventare esploratore della biodiversit\u00e0 della Lombardia, per il sesto anno consecutivo torna all&#8217;appuntamento\u00a0 del <strong>Bioblitz Lombardia!<\/strong><\/p>\n<p>Quest&#8217;anno continueremo la collaborazione con l&#8217;<a href=\"http:\/\/www.biodiversita.lombardia.it\/sito\/index.php?option=com_content&amp;view=article&amp;id=97:flora&amp;catid=87:fiorume\">Osservatorio Flora Autoctona della Lombardia<\/a>.<\/p>\n<p>Inoltre tutti i Parchi e Aree protette impegnati nel Bioblitz collaboreranno con il progetto\u00a0<a href=\"https:\/\/www.life4pollinators.eu\/\">LIFE 4POLLINATORS\u00a0<\/a><\/p>\n<p><strong>Appuntamento domenica 13 giugno al parco Lura:<\/strong><\/p>\n<div class=\"o9v6fnle cxmmr5t8 oygrvhab hcukyx3x c1et5uql\">PER PARTECIPARE:<br \/>\n&#8211; scarica e registrati gratuitamente all&#8217;app INaturalist<br \/>\n&#8211; iscriviti al progetto BioblitzLombardia2021 dell&#8217;app<br \/>\n&#8211; iscriviti ad una delle attivit\u00e0 in programma: <a href=\"mailto:centrobiolura@koinecoopsociale.it\">centrobiolura@koinecoopsociale.it<\/a> &#8211; 3209572736<\/div>\n<div><\/div>\n<div class=\"o9v6fnle cxmmr5t8 oygrvhab hcukyx3x c1et5uql\">COSTO: EVENTO GRATUITO<\/div>\n<div class=\"o9v6fnle cxmmr5t8 oygrvhab hcukyx3x c1et5uql\">Due sono gli appuntamenti per quest&#8217;anno!<\/div>\n<div><\/div>\n<div class=\"o9v6fnle cxmmr5t8 oygrvhab hcukyx3x c1et5uql\"><strong>DOMENICA 13 GIUGNO ORE 10.00 EVENTO PER ADULTI<\/strong><br \/>\nLIFE 4POLLINATORS: insieme all&#8217;esperto, imparerai a riconoscere i principali insetti impollinatori del Parco.<\/p>\n<\/div>\n<div><\/div>\n<div class=\"o9v6fnle cxmmr5t8 oygrvhab hcukyx3x c1et5uql\"><strong>DOMENICA 13 GIUGNO ORE 15.00 EVENTO PER FAMIGLIE<\/strong><br \/>\nCHI L&#8217;HA VISTO? Caccia fotografica alla scoperta della biodiversit\u00e0 del Parco.<br \/>\nI partecipanti dovranno andare a ricercare le specie animali e vegetali indicate dall&#8217;esperto, fotografarle e caricarle sull&#8217;app! Chi totalizzer\u00e0 pi\u00f9 osservazioni?<br \/>\nATTENZIONE! PER PARTECIPARE AGLI EVENTI E&#8217; NECESSARIO SCARICARE L&#8217;APP INATURALIST SUL PROPRIO SMARTPHONE.<\/div>\n<p><strong>E ancora&#8230; Non sai cos&#8217;\u00e8 un Bioblitz? <\/strong><br \/>\nE&#8217; un evento di educazione naturalistica e scientifica.<br \/>\nL&#8217;iniziativa consiste nel ricercare, individuare e possibilmente classificare, in un determinato ambiente e per almeno 24 ore consecutive, il maggior numero di forme di vita animali e vegetali. I dati raccolti saranno poi un valido strumento per il monitoraggio della biodiversit\u00e0 regionale.<\/p>\n<p>Possono partecipare al BioBlitz tutti i cittadini, che vengono accompagnati nelle loro esplorazioni da esperti naturalisti. La presenza del pubblico \u00e8 l&#8217;elemento fondamentale del progetto: i cittadini, coinvolti attivamente in una attivit\u00e0 a carattere scientifico, la cosidetta Citizen Science, contribuiscono in maniera partecipe al valore e alla biodiversit\u00e0 delle aree protette lombarde.<\/p>\n<p>I dati raccolti durante il censimento sono subito inseriti nella piattaforma informatica <a href=\"http:\/\/www.inaturalist.org\" target=\"_blank\" rel=\"noopener\">www.inaturalist.org<\/a>.<strong>\u00a0<\/strong><\/p>\n<p><img fetchpriority=\"high\" decoding=\"async\" class=\"aligncenter size-full wp-image-10973\" src=\"https:\/\/www.koinecoopsociale.it\/wp-assets\/uploads\/2022\/01\/bioblitz_13giugno2021-e1622794733752.png\" alt=\"biobliz 2021\" width=\"600\" height=\"849\" \/><\/p>","excerpt":"","slug":"biobliz-2021-al-parco-lura","image":{"url":"https:\/\/koinecoopsociale.it\/wp-assets\/uploads\/2022\/06\/biobliz-e1598622260344.jpg","id":19415,"extension":"jpg","width":800,"height":450,"filesize":41362,"sizes":{"medium":{"width":300,"height":169,"mime-type":"image\/jpeg","filesize":8898,"url":"https:\/\/koinecoopsociale.it\/wp-assets\/uploads\/2022\/06\/biobliz-e1598622260344-300x169.jpg"},"thumbnail":{"width":150,"height":150,"mime-type":"image\/jpeg","filesize":4961,"url":"https:\/\/koinecoopsociale.it\/wp-assets\/uploads\/2022\/06\/biobliz-e1598622260344-150x150.jpg"},"medium_large":{"width":768,"height":432,"mime-type":"image\/jpeg","filesize":36353,"url":"https:\/\/koinecoopsociale.it\/wp-assets\/uploads\/2022\/06\/biobliz-e1598622260344-768x432.jpg"}}},"all_day":false,"start_date":"2021-06-13 10:00:00","start_date_details":{"year":"2021","month":"06","day":"13","hour":"10","minutes":"00","seconds":"00"},"end_date":"2021-06-13 17:00:00","end_date_details":{"year":"2021","month":"06","day":"13","hour":"17","minutes":"00","seconds":"00"},"utc_start_date":"2021-06-13 08:00:00","utc_start_date_details":{"year":"2021","month":"06","day":"13","hour":"08","minutes":"00","seconds":"00"},"utc_end_date":"2021-06-13 15:00:00","utc_end_date_details":{"year":"2021","month":"06","day":"13","hour":"15","minutes":"00","seconds":"00"},"timezone":"Europe\/Rome","timezone_abbr":"CEST","cost":"","cost_details":{"currency_symbol":"","currency_code":"","currency_position":"prefix","values":[]},"website":"","show_map":true,"show_map_link":true,"hide_from_listings":false,"sticky":false,"featured":false,"categories":[{"name":"Ambiente e cultura","slug":"ambiente-e-cultura","term_group":0,"term_taxonomy_id":84,"taxonomy":"tribe_events_cat","description":"","parent":0,"count":407,"filter":"raw","id":84,"urls":{"self":"https:\/\/koinecoopsociale.it\/en\/wp-json\/tribe\/events\/v1\/categories\/84","collection":"https:\/\/koinecoopsociale.it\/en\/wp-json\/tribe\/events\/v1\/categories"}}],"tags":[],"venue":[],"organizer":[],"json_ld":{"@context":"http:\/\/schema.org","@type":"Event","name":"Biobliz 2021 al parco Lura","description":"&lt;p&gt;Domenica 13 giugno puoi diventare esploratore della biodiversit\u00e0 della Lombardia, per il sesto anno consecutivo torna all\\'appuntamento\u00a0 del Bioblitz Lombardia! Quest\\'anno continueremo la collaborazione con l\\'Osservatorio Flora Autoctona della Lombardia. ...&lt;\/p&gt;\\n","image":"https:\/\/koinecoopsociale.it\/wp-assets\/uploads\/2022\/06\/biobliz-e1598622260344.jpg","url":"https:\/\/koinecoopsociale.it\/en\/evento\/biobliz-2021-al-parco-lura\/","eventAttendanceMode":"https:\/\/schema.org\/OfflineEventAttendanceMode","eventStatus":"https:\/\/schema.org\/EventScheduled","startDate":"2021-06-13T10:00:00+02:00","endDate":"2021-06-13T17:00:00+02:00","location":false,"performer":"Organization"},"is_virtual":false,"virtual_url":null,"virtual_video_source":""}